{"id":5603,"date":"2019-04-01T15:45:55","date_gmt":"2019-04-01T15:45:55","guid":{"rendered":"https:\/\/desrealestate.al\/?p=5603"},"modified":"2019-04-01T15:46:47","modified_gmt":"2019-04-01T15:46:47","slug":"lexoni-keto-keto-keshilla-para-se-te-lidhni-nje-kontrate-me-qira","status":"publish","type":"post","link":"https:\/\/desrealestate.al\/en\/lexoni-keto-keto-keshilla-para-se-te-lidhni-nje-kontrate-me-qira\/","title":{"rendered":"Lexoni k\u00ebto k\u00ebto k\u00ebshilla para se t\u00eb lidhni nj\u00eb kontrat\u00eb qiraje !"},"content":{"rendered":"<p>Para se t\u00eb lidhni nj\u00eb kontrat\u00eb qiraje, kujdesuni p\u00ebr sa m\u00eb posht\u00eb:<br \/>\n<span class=\"_5mfr\"><span class=\"_6qdm\">\ud83d\udd2e<\/span><\/span>\u00a0Verifikoni n\u00ebse prona ka nj\u00eb pronar apo disa. N\u00ebse jan\u00eb disa, n\u00ebnshkruani kontrat\u00ebn me t\u00eb gjith\u00eb bashk\u00ebpronar\u00ebt.<br \/>\n<span class=\"_5mfr\"><span class=\"_6qdm\">\ud83d\udd2e<\/span><\/span>\u00a0Afati i kontrat\u00ebs s\u00eb qiras\u00eb p\u00ebr banim nuk mund t\u00eb jet\u00eb m\u00eb i gjat\u00eb se 5 vjet.<br \/>\n<span class=\"_5mfr\"><span class=\"_6qdm\">\ud83d\udd2e<\/span><\/span>\u00a0N\u00ebse mund ta l\u00ebshoni ambjentin para afatit, p\u00ebrcaktoni afatin e njoftimit p\u00ebr zgjidhje t\u00eb parakohshme t\u00eb kontrat\u00ebs.<br \/>\n<span class=\"_5mfr\"><span class=\"_6qdm\">\ud83d\udd2e<\/span><\/span>\u00a0P\u00ebrcaktoni gjendjen e pron\u00ebs dhe plot\u00ebsoni formularin ose list\u00ebn e orendive dhe sendev<span class=\"text_exposed_show\">e t\u00eb luajtshme q\u00eb ndodhen n\u00eb pron\u00eb.<br \/>\n<span class=\"_5mfr\"><span class=\"_6qdm\">\ud83d\udd2e<\/span><\/span>\u00a0Vendosni kushtet se kujt do t\u2019i ngarkohen shpenzimet p\u00ebr p\u00ebrmir\u00ebsimet apo riparimet q\u00eb do t\u00eb jet\u00eb e nevojshme p\u00ebr t\u2019i b\u00ebr\u00eb pron\u00ebs, gjat\u00eb afatit t\u00eb qiras\u00eb.<br \/>\n<span class=\"_5mfr\"><span class=\"_6qdm\">\ud83d\udd2e<\/span><\/span>\u00a0K\u00ebrkoni q\u00eb t\u00eb shprehet n\u00eb kontrat\u00eb detyrimi i qiradh\u00ebn\u00ebsit p\u00ebr pages\u00ebn e tatimit n\u00eb burim sipas standardeve ligjore.<br \/>\n<span class=\"_5mfr\"><span class=\"_6qdm\">\ud83d\udd2e<\/span><\/span>\u00a0K\u00ebrkoni q\u00eb prona t\u00eb sigurohet nga zjarri, t\u00ebrmeti etj.<br \/>\n<span class=\"_5mfr\"><span class=\"_6qdm\">\ud83d\udd2e<\/span><\/span>\u00a0P\u00ebrcaktoni detyrimin p\u00ebr administrimin e godin\u00ebs.<\/span><\/p>","protected":false},"excerpt":{"rendered":"<p>Para se t\u00eb lidhni nj\u00eb kontrat\u00eb qiraje, kujdesuni p\u00ebr sa m\u00eb posht\u00eb: \ud83d\udd2e\u00a0Verifikoni n\u00ebse prona ka nj\u00eb pronar apo disa. N\u00ebse jan\u00eb disa, n\u00ebnshkruani kontrat\u00ebn me t\u00eb gjith\u00eb bashk\u00ebpronar\u00ebt. \ud83d\udd2e\u00a0Afati i kontrat\u00ebs s\u00eb qiras\u00eb p\u00ebr banim nuk mund t\u00eb jet\u00eb m\u00eb i gjat\u00eb se 5 vjet. \ud83d\udd2e\u00a0N\u00ebse mund ta l\u00ebshoni ambjentin para afatit, p\u00ebrcaktoni afatin [&hellip;]<\/p>","protected":false},"author":1,"featured_media":5612,"comment_status":"closed","ping_status":"open","sticky":false,"template":"","format":"standard","meta":{"footnotes":""},"categories":[347],"tags":[],"class_list":["post-5603","post","type-post","status-publish","format-standard","has-post-thumbnail","hentry","category-desju"],"yoast_head":"<!-- This site is optimized with the Yoast SEO Premium plugin v15.2 - https:\/\/yoast.com\/wordpress\/plugins\/seo\/ -->\n<title>Lexoni k\u00ebto k\u00ebto k\u00ebshilla para se t\u00eb lidhni nj\u00eb kontrat\u00eb qiraje ! - DES Real Estate<\/title>\n<meta name=\"robots\" content=\"index, follow, max-snippet:-1, max-image-preview:large, max-video-preview:-1\" \/>\n<link rel=\"canonical\" href=\"https:\/\/desrealestate.al\/sq\/lexoni-keto-keto-keshilla-para-se-te-lidhni-nje-kontrate-me-qira\/\" \/>\n<meta property=\"og:locale\" content=\"en_GB\" \/>\n<meta property=\"og:type\" content=\"article\" \/>\n<meta property=\"og:title\" content=\"Lexoni k\u00ebto k\u00ebto k\u00ebshilla para se t\u00eb lidhni nj\u00eb kontrat\u00eb qiraje ! - DES Real Estate\" \/>\n<meta property=\"og:description\" content=\"Para se t\u00eb lidhni nj\u00eb kontrat\u00eb qiraje, kujdesuni p\u00ebr sa m\u00eb posht\u00eb: \ud83d\udd2e\u00a0Verifikoni n\u00ebse prona ka nj\u00eb pronar apo disa. N\u00ebse jan\u00eb disa, n\u00ebnshkruani kontrat\u00ebn me t\u00eb gjith\u00eb bashk\u00ebpronar\u00ebt. \ud83d\udd2e\u00a0Afati i kontrat\u00ebs s\u00eb qiras\u00eb p\u00ebr banim nuk mund t\u00eb jet\u00eb m\u00eb i gjat\u00eb se 5 vjet. \ud83d\udd2e\u00a0N\u00ebse mund ta l\u00ebshoni ambjentin para afatit, p\u00ebrcaktoni afatin [&hellip;]\" \/>\n<meta property=\"og:url\" content=\"https:\/\/desrealestate.al\/sq\/lexoni-keto-keto-keshilla-para-se-te-lidhni-nje-kontrate-me-qira\/\" \/>\n<meta property=\"og:site_name\" content=\"DES Real Estate\" \/>\n<meta property=\"article:publisher\" content=\"https:\/\/www.facebook.com\/DesRealEstate.al\/\" \/>\n<meta property=\"article:published_time\" content=\"2019-04-01T15:45:55+00:00\" \/>\n<meta property=\"article:modified_time\" content=\"2019-04-01T15:46:47+00:00\" \/>\n<meta property=\"og:image\" content=\"https:\/\/desrealestate.al\/wp-content\/uploads\/2019\/04\/110.jpg\" \/>\n\t<meta property=\"og:image:width\" content=\"720\" \/>\n\t<meta property=\"og:image:height\" content=\"400\" \/>\n<meta property=\"fb:app_id\" content=\"387924425682656\" \/>\n<meta name=\"twitter:card\" content=\"summary_large_image\" \/>\n<meta name=\"twitter:label1\" value=\"Written by\">\n\t<meta name=\"twitter:data1\" value=\"master\">\n\t<meta name=\"twitter:label2\" value=\"Estimated reading time\">\n\t<meta name=\"twitter:data2\" value=\"1 minute\">\n<script type=\"application\/ld+json\" class=\"yoast-schema-graph\">{\"@context\":\"https:\/\/schema.org\",\"@graph\":[{\"@type\":\"Organization\",\"@id\":\"https:\/\/desrealestate.al\/sq\/#organization\",\"name\":\"DES Real Estate\",\"url\":\"https:\/\/desrealestate.al\/sq\/\",\"sameAs\":[\"https:\/\/www.facebook.com\/DesRealEstate.al\/\",\"https:\/\/www.instagram.com\/desrealestate.al\/\"],\"logo\":{\"@type\":\"ImageObject\",\"@id\":\"https:\/\/desrealestate.al\/sq\/#logo\",\"inLanguage\":\"en-GB\",\"url\":\"https:\/\/desrealestate.al\/wp-content\/uploads\/2020\/05\/DES-Real-Estate-Logo-Vertikale.png\",\"width\":171,\"height\":115,\"caption\":\"DES Real Estate\"},\"image\":{\"@id\":\"https:\/\/desrealestate.al\/sq\/#logo\"}},{\"@type\":\"WebSite\",\"@id\":\"https:\/\/desrealestate.al\/sq\/#website\",\"url\":\"https:\/\/desrealestate.al\/sq\/\",\"name\":\"DES Real Estate\",\"description\":\"Sht\\u00ebpia \\u00ebsht\\u00eb e para\",\"publisher\":{\"@id\":\"https:\/\/desrealestate.al\/sq\/#organization\"},\"potentialAction\":[{\"@type\":\"SearchAction\",\"target\":\"https:\/\/desrealestate.al\/sq\/?s={search_term_string}\",\"query-input\":\"required name=search_term_string\"}],\"inLanguage\":\"en-GB\"},{\"@type\":\"ImageObject\",\"@id\":\"https:\/\/desrealestate.al\/sq\/lexoni-keto-keto-keshilla-para-se-te-lidhni-nje-kontrate-me-qira\/#primaryimage\",\"inLanguage\":\"en-GB\",\"url\":\"https:\/\/desrealestate.al\/wp-content\/uploads\/2019\/04\/110.jpg\",\"width\":720,\"height\":400},{\"@type\":\"WebPage\",\"@id\":\"https:\/\/desrealestate.al\/sq\/lexoni-keto-keto-keshilla-para-se-te-lidhni-nje-kontrate-me-qira\/#webpage\",\"url\":\"https:\/\/desrealestate.al\/sq\/lexoni-keto-keto-keshilla-para-se-te-lidhni-nje-kontrate-me-qira\/\",\"name\":\"Lexoni k\\u00ebto k\\u00ebto k\\u00ebshilla para se t\\u00eb lidhni nj\\u00eb kontrat\\u00eb qiraje ! - DES Real Estate\",\"isPartOf\":{\"@id\":\"https:\/\/desrealestate.al\/sq\/#website\"},\"primaryImageOfPage\":{\"@id\":\"https:\/\/desrealestate.al\/sq\/lexoni-keto-keto-keshilla-para-se-te-lidhni-nje-kontrate-me-qira\/#primaryimage\"},\"datePublished\":\"2019-04-01T15:45:55+00:00\",\"dateModified\":\"2019-04-01T15:46:47+00:00\",\"inLanguage\":\"en-GB\",\"potentialAction\":[{\"@type\":\"ReadAction\",\"target\":[\"https:\/\/desrealestate.al\/sq\/lexoni-keto-keto-keshilla-para-se-te-lidhni-nje-kontrate-me-qira\/\"]}]},{\"@type\":\"Article\",\"@id\":\"https:\/\/desrealestate.al\/sq\/lexoni-keto-keto-keshilla-para-se-te-lidhni-nje-kontrate-me-qira\/#article\",\"isPartOf\":{\"@id\":\"https:\/\/desrealestate.al\/sq\/lexoni-keto-keto-keshilla-para-se-te-lidhni-nje-kontrate-me-qira\/#webpage\"},\"author\":{\"@id\":\"https:\/\/desrealestate.al\/sq\/#\/schema\/person\/376fa3f42c6f6e82df0e835c2699d460\"},\"headline\":\"Lexoni k\\u00ebto k\\u00ebto k\\u00ebshilla para se t\\u00eb lidhni nj\\u00eb kontrat\\u00eb qiraje !\",\"datePublished\":\"2019-04-01T15:45:55+00:00\",\"dateModified\":\"2019-04-01T15:46:47+00:00\",\"mainEntityOfPage\":{\"@id\":\"https:\/\/desrealestate.al\/sq\/lexoni-keto-keto-keshilla-para-se-te-lidhni-nje-kontrate-me-qira\/#webpage\"},\"publisher\":{\"@id\":\"https:\/\/desrealestate.al\/sq\/#organization\"},\"image\":{\"@id\":\"https:\/\/desrealestate.al\/sq\/lexoni-keto-keto-keshilla-para-se-te-lidhni-nje-kontrate-me-qira\/#primaryimage\"},\"articleSection\":\"{Des&amp;Ju}\",\"inLanguage\":\"en-GB\"},{\"@type\":\"Person\",\"@id\":\"https:\/\/desrealestate.al\/sq\/#\/schema\/person\/376fa3f42c6f6e82df0e835c2699d460\",\"name\":\"master\",\"image\":{\"@type\":\"ImageObject\",\"@id\":\"https:\/\/desrealestate.al\/sq\/#personlogo\",\"inLanguage\":\"en-GB\",\"url\":\"https:\/\/secure.gravatar.com\/avatar\/b0df686616a0984929cb3cd20823f59f?s=96&d=mm&r=g\",\"caption\":\"master\"}}]}<\/script>\n<!-- \/ Yoast SEO Premium plugin. -->","_links":{"self":[{"href":"https:\/\/desrealestate.al\/en\/wp-json\/wp\/v2\/posts\/5603"}],"collection":[{"href":"https:\/\/desrealestate.al\/en\/wp-json\/wp\/v2\/posts"}],"about":[{"href":"https:\/\/desrealestate.al\/en\/wp-json\/wp\/v2\/types\/post"}],"author":[{"embeddable":true,"href":"https:\/\/desrealestate.al\/en\/wp-json\/wp\/v2\/users\/1"}],"replies":[{"embeddable":true,"href":"https:\/\/desrealestate.al\/en\/wp-json\/wp\/v2\/comments?post=5603"}],"version-history":[{"count":0,"href":"https:\/\/desrealestate.al\/en\/wp-json\/wp\/v2\/posts\/5603\/revisions"}],"wp:featuredmedia":[{"embeddable":true,"href":"https:\/\/desrealestate.al\/en\/wp-json\/wp\/v2\/media\/5612"}],"wp:attachment":[{"href":"https:\/\/desrealestate.al\/en\/wp-json\/wp\/v2\/media?parent=5603"}],"wp:term":[{"taxonomy":"category","embeddable":true,"href":"https:\/\/desrealestate.al\/en\/wp-json\/wp\/v2\/categories?post=5603"},{"taxonomy":"post_tag","embeddable":true,"href":"https:\/\/desrealestate.al\/en\/wp-json\/wp\/v2\/tags?post=5603"}],"curies":[{"name":"wp","href":"https:\/\/api.w.org\/{rel}","templated":true}]}}