{"id":7380,"date":"2019-06-25T07:28:40","date_gmt":"2019-06-25T07:28:40","guid":{"rendered":"https:\/\/desrealestate.al\/?p=7380"},"modified":"2019-06-25T07:28:59","modified_gmt":"2019-06-25T07:28:59","slug":"trashegimia-historike-dhe-kulturore-e-kalase-se-ulqinit","status":"publish","type":"post","link":"https:\/\/desrealestate.al\/en\/trashegimia-historike-dhe-kulturore-e-kalase-se-ulqinit\/","title":{"rendered":"Trash\u00ebgimia historike dhe kulturore e Kalas\u00eb s\u00eb Ulqinit"},"content":{"rendered":"<p>Kalaja e Ulqinit e njohur si Qyteti i vjet\u00ebr i Ulqinit, \u00ebsht\u00eb monument kulture i kategoris\u00eb I n\u00eb Mal t\u00eb Zi dhe lagje e Ulqinit.<\/p>\n<p>U themelua n\u00eb shekullin e V p.e.s. nga ilir\u00ebt, kolh\u00ebt, nga t\u00eb cil\u00ebt \u00ebsht\u00eb quajtur fillimisht Kolihinium. N\u00eb shekullin II p.e.s. u mor nga romak\u00ebt prej fisit ilir Olciniatas dhe pastaj qyteti nga Kolhinium b\u00ebhet Olcinium.<\/p>\n<p><img loading=\"lazy\" decoding=\"async\" class=\"size-medium wp-image-7382 aligncenter\" src=\"https:\/\/desrealestate.al\/wp-content\/uploads\/2019\/06\/ballkani-5-300x203.jpg\" alt=\"\" width=\"300\" height=\"203\" srcset=\"https:\/\/desrealestate.al\/wp-content\/uploads\/2019\/06\/ballkani-5-300x203.jpg 300w, https:\/\/desrealestate.al\/wp-content\/uploads\/2019\/06\/ballkani-5-768x520.jpg 768w, https:\/\/desrealestate.al\/wp-content\/uploads\/2019\/06\/ballkani-5-1024x693.jpg 1024w, https:\/\/desrealestate.al\/wp-content\/uploads\/2019\/06\/ballkani-5.jpg 1102w\" sizes=\"(max-width: 300px) 100vw, 300px\" \/><\/p>\n<p>Gjat\u00eb sundimit romak Olciniumi b\u00ebhet qytet me status t\u00eb ve\u00e7ant\u00eb e me privilegje.<\/p>\n<p>Ulqini \u00ebsht\u00eb nj\u00eb qytet, muret e\u00a0<span class=\"text_exposed_show\">t\u00eb cilit jan\u00eb shkat\u00ebrruar shpesh n\u00eb luft\u00ebra. Kalaja \u00ebsht\u00eb e vendosur mbi nj\u00eb shk\u00ebmb t\u00eb madh, pjes\u00ebt m\u00eb t\u00eb ulta e t\u00eb cilit jan\u00eb pothuajse n\u00eb breg. Muzeu i par\u00eb digjital n\u00eb Mal t\u00eb Zi, p\u00ebrmes animacionit tredimensional, prezanton nj\u00eb pjes\u00eb t\u00eb trash\u00ebgimis\u00eb historike dhe kulturore t\u00eb Ulqinit.<\/span><\/p>\n<p><img loading=\"lazy\" decoding=\"async\" class=\"size-medium wp-image-7383 aligncenter\" src=\"https:\/\/desrealestate.al\/wp-content\/uploads\/2019\/06\/ballkani-4-300x190.jpg\" alt=\"\" width=\"300\" height=\"190\" srcset=\"https:\/\/desrealestate.al\/wp-content\/uploads\/2019\/06\/ballkani-4-300x190.jpg 300w, https:\/\/desrealestate.al\/wp-content\/uploads\/2019\/06\/ballkani-4-768x487.jpg 768w, https:\/\/desrealestate.al\/wp-content\/uploads\/2019\/06\/ballkani-4-1024x650.jpg 1024w, https:\/\/desrealestate.al\/wp-content\/uploads\/2019\/06\/ballkani-4.jpg 1091w\" sizes=\"(max-width: 300px) 100vw, 300px\" \/><\/p>\n<p><span class=\"text_exposed_show\"><br \/>\nN\u00eb Kalan\u00eb e Ulqinit vijon nd\u00ebrtimi ose rinovimi i objekteve, kryesisht investime private t\u00eb banor\u00ebve t\u00eb Kalas\u00eb dhe t\u00eb pronar\u00ebve t\u00eb komplekseve turistike. Rrugicat e ngushta, godinat e bukura prej guri, t\u00eb kthyera tashm\u00eb n\u00eb hotele, restorante e bare e kan\u00eb b\u00ebr\u00eb tep\u00ebr t\u00eb gjall\u00eb e t\u00eb bukur p\u00ebr ta vizituar.<\/span><\/p>\n<p><img loading=\"lazy\" decoding=\"async\" class=\"size-medium wp-image-7384 aligncenter\" src=\"https:\/\/desrealestate.al\/wp-content\/uploads\/2019\/06\/ballkani-3-241x300.jpg\" alt=\"\" width=\"241\" height=\"300\" srcset=\"https:\/\/desrealestate.al\/wp-content\/uploads\/2019\/06\/ballkani-3-241x300.jpg 241w, https:\/\/desrealestate.al\/wp-content\/uploads\/2019\/06\/ballkani-3-768x958.jpg 768w, https:\/\/desrealestate.al\/wp-content\/uploads\/2019\/06\/ballkani-3.jpg 770w\" sizes=\"(max-width: 241px) 100vw, 241px\" \/><\/p>\n<p><span class=\"text_exposed_show\">Pamjet nga muret e kalas\u00eb jan\u00eb mahnit\u00ebse: sheh qytetin e gjall\u00eb t\u00eb Ulqinit dhe detin. Kalaja ka banor\u00ebt e saj. Vizita n\u00eb kala \u00ebsht\u00eb nj\u00eb mbres\u00eb e pashlyer.\u00a0<\/span><\/p>","protected":false},"excerpt":{"rendered":"<p>Kalaja e Ulqinit e njohur si Qyteti i vjet\u00ebr i Ulqinit, \u00ebsht\u00eb monument kulture i kategoris\u00eb I n\u00eb Mal t\u00eb Zi dhe lagje e Ulqinit. U themelua n\u00eb shekullin e V p.e.s. nga ilir\u00ebt, kolh\u00ebt, nga t\u00eb cil\u00ebt \u00ebsht\u00eb quajtur fillimisht Kolihinium. N\u00eb shekullin II p.e.s. u mor nga romak\u00ebt prej fisit ilir Olciniatas dhe [&hellip;]<\/p>","protected":false},"author":1,"featured_media":7381,"comment_status":"closed","ping_status":"open","sticky":false,"template":"","format":"standard","meta":{"footnotes":""},"categories":[1],"tags":[],"class_list":["post-7380","post","type-post","status-publish","format-standard","has-post-thumbnail","hentry","category-uncategorized-sq"],"yoast_head":"<!-- This site is optimized with the Yoast SEO Premium plugin v15.2 - https:\/\/yoast.com\/wordpress\/plugins\/seo\/ -->\n<title>Trash\u00ebgimia historike dhe kulturore e Kalas\u00eb s\u00eb Ulqinit - DES Real Estate<\/title>\n<meta name=\"description\" content=\"U themelua n\u00eb shekullin e V p.e.s. nga ilir\u00ebt, kolh\u00ebt, nga t\u00eb cil\u00ebt \u00ebsht\u00eb quajtur fillimisht Kolihinium.\" \/>\n<meta name=\"robots\" content=\"index, follow, max-snippet:-1, max-image-preview:large, max-video-preview:-1\" \/>\n<link rel=\"canonical\" href=\"https:\/\/desrealestate.al\/sq\/trashegimia-historike-dhe-kulturore-e-kalase-se-ulqinit\/\" \/>\n<meta property=\"og:locale\" content=\"en_GB\" \/>\n<meta property=\"og:type\" content=\"article\" \/>\n<meta property=\"og:title\" content=\"Trash\u00ebgimia historike dhe kulturore e Kalas\u00eb s\u00eb Ulqinit - DES Real Estate\" \/>\n<meta property=\"og:description\" content=\"U themelua n\u00eb shekullin e V p.e.s. nga ilir\u00ebt, kolh\u00ebt, nga t\u00eb cil\u00ebt \u00ebsht\u00eb quajtur fillimisht Kolihinium.\" \/>\n<meta property=\"og:url\" content=\"https:\/\/desrealestate.al\/sq\/trashegimia-historike-dhe-kulturore-e-kalase-se-ulqinit\/\" \/>\n<meta property=\"og:site_name\" content=\"DES Real Estate\" \/>\n<meta property=\"article:publisher\" content=\"https:\/\/www.facebook.com\/DesRealEstate.al\/\" \/>\n<meta property=\"article:published_time\" content=\"2019-06-25T07:28:40+00:00\" \/>\n<meta property=\"article:modified_time\" content=\"2019-06-25T07:28:59+00:00\" \/>\n<meta property=\"og:image\" content=\"https:\/\/desrealestate.al\/wp-content\/uploads\/2019\/06\/ballkani-2.jpg\" \/>\n\t<meta property=\"og:image:width\" content=\"912\" \/>\n\t<meta property=\"og:image:height\" content=\"643\" \/>\n<meta property=\"fb:app_id\" content=\"387924425682656\" \/>\n<meta name=\"twitter:card\" content=\"summary_large_image\" \/>\n<meta name=\"twitter:label1\" value=\"Written by\">\n\t<meta name=\"twitter:data1\" value=\"master\">\n\t<meta name=\"twitter:label2\" value=\"Estimated reading time\">\n\t<meta name=\"twitter:data2\" value=\"1 minute\">\n<script type=\"application\/ld+json\" class=\"yoast-schema-graph\">{\"@context\":\"https:\/\/schema.org\",\"@graph\":[{\"@type\":\"Organization\",\"@id\":\"https:\/\/desrealestate.al\/sq\/#organization\",\"name\":\"DES Real Estate\",\"url\":\"https:\/\/desrealestate.al\/sq\/\",\"sameAs\":[\"https:\/\/www.facebook.com\/DesRealEstate.al\/\",\"https:\/\/www.instagram.com\/desrealestate.al\/\"],\"logo\":{\"@type\":\"ImageObject\",\"@id\":\"https:\/\/desrealestate.al\/sq\/#logo\",\"inLanguage\":\"en-GB\",\"url\":\"https:\/\/desrealestate.al\/wp-content\/uploads\/2020\/05\/DES-Real-Estate-Logo-Vertikale.png\",\"width\":171,\"height\":115,\"caption\":\"DES Real Estate\"},\"image\":{\"@id\":\"https:\/\/desrealestate.al\/sq\/#logo\"}},{\"@type\":\"WebSite\",\"@id\":\"https:\/\/desrealestate.al\/sq\/#website\",\"url\":\"https:\/\/desrealestate.al\/sq\/\",\"name\":\"DES Real Estate\",\"description\":\"Sht\\u00ebpia \\u00ebsht\\u00eb e para\",\"publisher\":{\"@id\":\"https:\/\/desrealestate.al\/sq\/#organization\"},\"potentialAction\":[{\"@type\":\"SearchAction\",\"target\":\"https:\/\/desrealestate.al\/sq\/?s={search_term_string}\",\"query-input\":\"required name=search_term_string\"}],\"inLanguage\":\"en-GB\"},{\"@type\":\"ImageObject\",\"@id\":\"https:\/\/desrealestate.al\/sq\/trashegimia-historike-dhe-kulturore-e-kalase-se-ulqinit\/#primaryimage\",\"inLanguage\":\"en-GB\",\"url\":\"https:\/\/desrealestate.al\/wp-content\/uploads\/2019\/06\/ballkani-2.jpg\",\"width\":912,\"height\":643},{\"@type\":\"WebPage\",\"@id\":\"https:\/\/desrealestate.al\/sq\/trashegimia-historike-dhe-kulturore-e-kalase-se-ulqinit\/#webpage\",\"url\":\"https:\/\/desrealestate.al\/sq\/trashegimia-historike-dhe-kulturore-e-kalase-se-ulqinit\/\",\"name\":\"Trash\\u00ebgimia historike dhe kulturore e Kalas\\u00eb s\\u00eb Ulqinit - DES Real Estate\",\"isPartOf\":{\"@id\":\"https:\/\/desrealestate.al\/sq\/#website\"},\"primaryImageOfPage\":{\"@id\":\"https:\/\/desrealestate.al\/sq\/trashegimia-historike-dhe-kulturore-e-kalase-se-ulqinit\/#primaryimage\"},\"datePublished\":\"2019-06-25T07:28:40+00:00\",\"dateModified\":\"2019-06-25T07:28:59+00:00\",\"description\":\"U themelua n\\u00eb shekullin e V p.e.s. nga ilir\\u00ebt, kolh\\u00ebt, nga t\\u00eb cil\\u00ebt \\u00ebsht\\u00eb quajtur fillimisht Kolihinium.\",\"inLanguage\":\"en-GB\",\"potentialAction\":[{\"@type\":\"ReadAction\",\"target\":[\"https:\/\/desrealestate.al\/sq\/trashegimia-historike-dhe-kulturore-e-kalase-se-ulqinit\/\"]}]},{\"@type\":\"Article\",\"@id\":\"https:\/\/desrealestate.al\/sq\/trashegimia-historike-dhe-kulturore-e-kalase-se-ulqinit\/#article\",\"isPartOf\":{\"@id\":\"https:\/\/desrealestate.al\/sq\/trashegimia-historike-dhe-kulturore-e-kalase-se-ulqinit\/#webpage\"},\"author\":{\"@id\":\"https:\/\/desrealestate.al\/sq\/#\/schema\/person\/376fa3f42c6f6e82df0e835c2699d460\"},\"headline\":\"Trash\\u00ebgimia historike dhe kulturore e Kalas\\u00eb s\\u00eb Ulqinit\",\"datePublished\":\"2019-06-25T07:28:40+00:00\",\"dateModified\":\"2019-06-25T07:28:59+00:00\",\"mainEntityOfPage\":{\"@id\":\"https:\/\/desrealestate.al\/sq\/trashegimia-historike-dhe-kulturore-e-kalase-se-ulqinit\/#webpage\"},\"publisher\":{\"@id\":\"https:\/\/desrealestate.al\/sq\/#organization\"},\"image\":{\"@id\":\"https:\/\/desrealestate.al\/sq\/trashegimia-historike-dhe-kulturore-e-kalase-se-ulqinit\/#primaryimage\"},\"articleSection\":\"Uncategorized @sq\",\"inLanguage\":\"en-GB\"},{\"@type\":\"Person\",\"@id\":\"https:\/\/desrealestate.al\/sq\/#\/schema\/person\/376fa3f42c6f6e82df0e835c2699d460\",\"name\":\"master\",\"image\":{\"@type\":\"ImageObject\",\"@id\":\"https:\/\/desrealestate.al\/sq\/#personlogo\",\"inLanguage\":\"en-GB\",\"url\":\"https:\/\/secure.gravatar.com\/avatar\/b0df686616a0984929cb3cd20823f59f?s=96&d=mm&r=g\",\"caption\":\"master\"}}]}<\/script>\n<!-- \/ Yoast SEO Premium plugin. -->","_links":{"self":[{"href":"https:\/\/desrealestate.al\/en\/wp-json\/wp\/v2\/posts\/7380"}],"collection":[{"href":"https:\/\/desrealestate.al\/en\/wp-json\/wp\/v2\/posts"}],"about":[{"href":"https:\/\/desrealestate.al\/en\/wp-json\/wp\/v2\/types\/post"}],"author":[{"embeddable":true,"href":"https:\/\/desrealestate.al\/en\/wp-json\/wp\/v2\/users\/1"}],"replies":[{"embeddable":true,"href":"https:\/\/desrealestate.al\/en\/wp-json\/wp\/v2\/comments?post=7380"}],"version-history":[{"count":0,"href":"https:\/\/desrealestate.al\/en\/wp-json\/wp\/v2\/posts\/7380\/revisions"}],"wp:featuredmedia":[{"embeddable":true,"href":"https:\/\/desrealestate.al\/en\/wp-json\/wp\/v2\/media\/7381"}],"wp:attachment":[{"href":"https:\/\/desrealestate.al\/en\/wp-json\/wp\/v2\/media?parent=7380"}],"wp:term":[{"taxonomy":"category","embeddable":true,"href":"https:\/\/desrealestate.al\/en\/wp-json\/wp\/v2\/categories?post=7380"},{"taxonomy":"post_tag","embeddable":true,"href":"https:\/\/desrealestate.al\/en\/wp-json\/wp\/v2\/tags?post=7380"}],"curies":[{"name":"wp","href":"https:\/\/api.w.org\/{rel}","templated":true}]}}