{"id":30738,"date":"2021-04-01T08:40:04","date_gmt":"2021-04-01T08:40:04","guid":{"rendered":"https:\/\/desrealestate.al\/?p=30738"},"modified":"2022-02-02T11:30:01","modified_gmt":"2022-02-02T11:30:01","slug":"lahti-kryeqyteti-i-gjelber-evropian-i-vitit-2021","status":"publish","type":"post","link":"https:\/\/desrealestate.al\/sq\/lahti-kryeqyteti-i-gjelber-evropian-i-vitit-2021\/","title":{"rendered":"Lahti, Kryeqyteti i Gjelb\u00ebr Evropian i vitit 2021!"},"content":{"rendered":"<p>&#8211; Lahti ka 120.000 banor\u00eb e ndodhet n\u00eb Rajonin e liqeneve, 100 km nga Helsinki<br \/>\n&#8211; \u00cbsht\u00eb zgjedhur nga Komisioni Europian si Kryeqyteti i Gjelb\u00ebr i Europ\u00ebs p\u00ebr vitin 2021.<br \/>\n&#8211; Ka braktisur plot\u00ebsisht qymyrin<br \/>\n&#8211; 99% e mbetjeve sht\u00ebpiake riciklohen<\/p>\n<p>&#8211; Ngrohet vet\u00ebm me l\u00ebnd\u00eb t\u00eb djegshme t\u00eb ricikluara e me dru.<br \/>\n&#8211; Emetimet e gazit serr\u00eb jan\u00eb reduktuar me 70% krahasuar me 1990.<br \/>\n&#8211; Lahti synon t\u00eb b\u00ebhet nj\u00eb qytet me 0 emetime karboni deri n\u00eb \u00a0202<a href=\"https:\/\/desrealestate.al\/sq\/trashegimia-historike-dhe-kulturore-e-kalase-se-ulqinit\/\">5<\/a> dhe t\u00eb krijoj\u00eb nj\u00eb ekonomi qarkulluese me zero mbetje brenda vitit 205<a href=\"https:\/\/www.abissnet.al\/\">0<\/a>.<br \/>\n&#8211; \u00cbsht\u00eb i p\u00ebrkushtuar ndaj sporteve dim\u00ebrore<\/p>\n<p>&#8211; Beson n\u00eb ekonomin\u00eb e gjelb\u00ebr dhe n\u00eb menaxhimin e q\u00ebndruesh\u00ebm t\u00eb burimeve t\u00eb tij, me moton: &#8221; Zgjidhje lokale \u2013 Ndikim global\u201d.<br \/>\n&#8211; Qytetar\u00ebt \u00a0dhe udh\u00ebtar\u00ebt nxiten t\u00eb p\u00ebrdorin bi\u00e7ikleta e mjete publike, me k\u00ebmb\u00eb dhe me ski gjat\u00eb sezonit t\u00eb dimrit.<br \/>\n&#8211; \u00cbsht\u00eb \u00a0i zhytur mes gjelb\u00ebrimit, pran\u00eb liqenit t\u00eb madh <a href=\"https:\/\/desrealestate.al\/sq\/cmimet-e-references-te-vitit-2019-per-toke-truall-ne-disa-zona-kryesore-te-tiranes\/\">V<\/a>esij\u00e4rvi dhe i rrethuar nga pyje.<\/p>\n<p>&#8211; N\u00eb vitet \u201860-\u201970, industrializimi dhe urbanizimi i shpejt\u00eb, n\u00eb pak koh\u00eb e shnd\u00ebrruan liqenin Vesij\u00e4rvi, n\u00eb t\u00eb cilin pasqyrohet qyteti, n\u00eb m\u00eb t\u00eb ndoturin n\u00eb vend.<br \/>\n&#8211; M\u00eb pas, konsorciumi &#8220;Lahti City&#8221;, investoi mbi 100 milion\u00eb euro n\u00eb zhvillimin e sistemit t\u00eb transportit n\u00eb qendr\u00ebn e qyteti<a href=\"https:\/\/desrealestate.al\/sq\/u-miratua-ligji-per-perfundimin-e-proceseve-kalimtare-te-pronesise-ligji-mr-20-2020-ligj-i-debatuar-por-dhe-i-mirepritur\/\">t<\/a>, me parkime n\u00ebntok\u00ebsore, pista p\u00ebr bi\u00e7ikleta dhe hap\u00ebsira p\u00ebr t\u00eb ecur m\u00eb k\u00ebmb\u00eb. Liqeni u b\u00eb s\u00ebrish i kristalt\u00eb \u2013 uj\u00ebrat u pastruan nga mij\u00ebra ton\u00eb mbeturina e u z\u00ebvend\u00ebsuan me nj\u00eb milion\u00eb peshq.<\/p>\n","protected":false},"excerpt":{"rendered":"<p>&#8211; Lahti ka 120.000 banor\u00eb e ndodhet n\u00eb Rajonin e liqeneve, 100 km nga Helsinki &#8211; \u00cbsht\u00eb zgjedhur nga Komisioni Europian si Kryeqyteti i Gjelb\u00ebr i Europ\u00ebs p\u00ebr vitin 2021. &#8211; Ka braktisur plot\u00ebsisht qymyrin &#8211; 99% e mbetjeve sht\u00ebpiake riciklohen &#8211; Ngrohet vet\u00ebm me l\u00ebnd\u00eb t\u00eb djegshme t\u00eb ricikluara e me dru. &#8211; Emetimet [&hellip;]<\/p>\n","protected":false},"author":1,"featured_media":30749,"comment_status":"closed","ping_status":"open","sticky":false,"template":"","format":"standard","meta":{"footnotes":""},"categories":[348],"tags":[],"class_list":["post-30738","post","type-post","status-publish","format-standard","has-post-thumbnail","hentry","category-a-e-dini-se"],"yoast_head":"<!-- This site is optimized with the Yoast SEO Premium plugin v15.2 - https:\/\/yoast.com\/wordpress\/plugins\/seo\/ -->\n<title>Lahti, Kryeqyteti i Gjelb\u00ebr Evropian i vitit 2021! - DES Real Estate<\/title>\n<meta name=\"description\" content=\"\u00cbsht\u00eb zgjedhur nga Komisioni Europian si\u00a0Kryeqyteti i Gjelb\u00ebr i Europ\u00ebs p\u00ebr vitin 2021. Ka\u00a0braktisur\u00a0plot\u00ebsisht\u00a0qymyrin\" \/>\n<meta name=\"robots\" content=\"index, follow, max-snippet:-1, max-image-preview:large, max-video-preview:-1\" \/>\n<link rel=\"canonical\" href=\"https:\/\/desrealestate.al\/lahti-kryeqyteti-i-gjelber-evropian-i-vitit-2021\/\" \/>\n<meta property=\"og:locale\" content=\"sq_AL\" \/>\n<meta property=\"og:type\" content=\"article\" \/>\n<meta property=\"og:title\" content=\"Lahti, Kryeqyteti i Gjelb\u00ebr Evropian i vitit 2021! - DES Real Estate\" \/>\n<meta property=\"og:description\" content=\"\u00cbsht\u00eb zgjedhur nga Komisioni Europian si\u00a0Kryeqyteti i Gjelb\u00ebr i Europ\u00ebs p\u00ebr vitin 2021. Ka\u00a0braktisur\u00a0plot\u00ebsisht\u00a0qymyrin\" \/>\n<meta property=\"og:url\" content=\"https:\/\/desrealestate.al\/lahti-kryeqyteti-i-gjelber-evropian-i-vitit-2021\/\" \/>\n<meta property=\"og:site_name\" content=\"DES Real Estate\" \/>\n<meta property=\"article:publisher\" content=\"https:\/\/www.facebook.com\/DesRealEstate.al\/\" \/>\n<meta property=\"article:published_time\" content=\"2021-04-01T08:40:04+00:00\" \/>\n<meta property=\"article:modified_time\" content=\"2022-02-02T11:30:01+00:00\" \/>\n<meta property=\"og:image\" content=\"https:\/\/desrealestate.al\/wp-content\/uploads\/2021\/04\/LAHTI_OK-1024x683.png\" \/>\n\t<meta property=\"og:image:width\" content=\"1024\" \/>\n\t<meta property=\"og:image:height\" content=\"683\" \/>\n<meta property=\"fb:app_id\" content=\"387924425682656\" \/>\n<meta name=\"twitter:card\" content=\"summary_large_image\" \/>\n<meta name=\"twitter:label1\" value=\"Written by\">\n\t<meta name=\"twitter:data1\" value=\"master\">\n\t<meta name=\"twitter:label2\" value=\"Est. reading time\">\n\t<meta name=\"twitter:data2\" value=\"1 minut\u00eb\">\n<script type=\"application\/ld+json\" class=\"yoast-schema-graph\">{\"@context\":\"https:\/\/schema.org\",\"@graph\":[{\"@type\":\"Organization\",\"@id\":\"https:\/\/desrealestate.al\/sq\/#organization\",\"name\":\"DES Real Estate\",\"url\":\"https:\/\/desrealestate.al\/sq\/\",\"sameAs\":[\"https:\/\/www.facebook.com\/DesRealEstate.al\/\",\"https:\/\/www.instagram.com\/desrealestate.al\/\"],\"logo\":{\"@type\":\"ImageObject\",\"@id\":\"https:\/\/desrealestate.al\/sq\/#logo\",\"inLanguage\":\"sq\",\"url\":\"https:\/\/desrealestate.al\/wp-content\/uploads\/2020\/05\/DES-Real-Estate-Logo-Vertikale.png\",\"width\":171,\"height\":115,\"caption\":\"DES Real Estate\"},\"image\":{\"@id\":\"https:\/\/desrealestate.al\/sq\/#logo\"}},{\"@type\":\"WebSite\",\"@id\":\"https:\/\/desrealestate.al\/sq\/#website\",\"url\":\"https:\/\/desrealestate.al\/sq\/\",\"name\":\"DES Real Estate\",\"description\":\"Sht\\u00ebpia \\u00ebsht\\u00eb e para\",\"publisher\":{\"@id\":\"https:\/\/desrealestate.al\/sq\/#organization\"},\"potentialAction\":[{\"@type\":\"SearchAction\",\"target\":\"https:\/\/desrealestate.al\/sq\/?s={search_term_string}\",\"query-input\":\"required name=search_term_string\"}],\"inLanguage\":\"sq\"},{\"@type\":\"ImageObject\",\"@id\":\"https:\/\/desrealestate.al\/lahti-kryeqyteti-i-gjelber-evropian-i-vitit-2021\/#primaryimage\",\"inLanguage\":\"sq\",\"url\":\"https:\/\/desrealestate.al\/wp-content\/uploads\/2021\/04\/LAHTI_OK.png\",\"width\":3000,\"height\":2001},{\"@type\":\"WebPage\",\"@id\":\"https:\/\/desrealestate.al\/lahti-kryeqyteti-i-gjelber-evropian-i-vitit-2021\/#webpage\",\"url\":\"https:\/\/desrealestate.al\/lahti-kryeqyteti-i-gjelber-evropian-i-vitit-2021\/\",\"name\":\"Lahti, Kryeqyteti i Gjelb\\u00ebr Evropian i vitit 2021! - DES Real Estate\",\"isPartOf\":{\"@id\":\"https:\/\/desrealestate.al\/sq\/#website\"},\"primaryImageOfPage\":{\"@id\":\"https:\/\/desrealestate.al\/lahti-kryeqyteti-i-gjelber-evropian-i-vitit-2021\/#primaryimage\"},\"datePublished\":\"2021-04-01T08:40:04+00:00\",\"dateModified\":\"2022-02-02T11:30:01+00:00\",\"description\":\"\\u00cbsht\\u00eb zgjedhur nga Komisioni Europian si\\u00a0Kryeqyteti i Gjelb\\u00ebr i Europ\\u00ebs p\\u00ebr vitin 2021. Ka\\u00a0braktisur\\u00a0plot\\u00ebsisht\\u00a0qymyrin\",\"inLanguage\":\"sq\",\"potentialAction\":[{\"@type\":\"ReadAction\",\"target\":[\"https:\/\/desrealestate.al\/lahti-kryeqyteti-i-gjelber-evropian-i-vitit-2021\/\"]}]},{\"@type\":\"Article\",\"@id\":\"https:\/\/desrealestate.al\/lahti-kryeqyteti-i-gjelber-evropian-i-vitit-2021\/#article\",\"isPartOf\":{\"@id\":\"https:\/\/desrealestate.al\/lahti-kryeqyteti-i-gjelber-evropian-i-vitit-2021\/#webpage\"},\"author\":{\"@id\":\"https:\/\/desrealestate.al\/sq\/#\/schema\/person\/376fa3f42c6f6e82df0e835c2699d460\"},\"headline\":\"Lahti, Kryeqyteti i Gjelb\\u00ebr Evropian i vitit 2021!\",\"datePublished\":\"2021-04-01T08:40:04+00:00\",\"dateModified\":\"2022-02-02T11:30:01+00:00\",\"mainEntityOfPage\":{\"@id\":\"https:\/\/desrealestate.al\/lahti-kryeqyteti-i-gjelber-evropian-i-vitit-2021\/#webpage\"},\"publisher\":{\"@id\":\"https:\/\/desrealestate.al\/sq\/#organization\"},\"image\":{\"@id\":\"https:\/\/desrealestate.al\/lahti-kryeqyteti-i-gjelber-evropian-i-vitit-2021\/#primaryimage\"},\"articleSection\":\"{A e dini se}\",\"inLanguage\":\"sq\"},{\"@type\":\"Person\",\"@id\":\"https:\/\/desrealestate.al\/sq\/#\/schema\/person\/376fa3f42c6f6e82df0e835c2699d460\",\"name\":\"master\",\"image\":{\"@type\":\"ImageObject\",\"@id\":\"https:\/\/desrealestate.al\/sq\/#personlogo\",\"inLanguage\":\"sq\",\"url\":\"https:\/\/secure.gravatar.com\/avatar\/b0df686616a0984929cb3cd20823f59f?s=96&d=mm&r=g\",\"caption\":\"master\"}}]}<\/script>\n<!-- \/ Yoast SEO Premium plugin. -->","_links":{"self":[{"href":"https:\/\/desrealestate.al\/sq\/wp-json\/wp\/v2\/posts\/30738"}],"collection":[{"href":"https:\/\/desrealestate.al\/sq\/wp-json\/wp\/v2\/posts"}],"about":[{"href":"https:\/\/desrealestate.al\/sq\/wp-json\/wp\/v2\/types\/post"}],"author":[{"embeddable":true,"href":"https:\/\/desrealestate.al\/sq\/wp-json\/wp\/v2\/users\/1"}],"replies":[{"embeddable":true,"href":"https:\/\/desrealestate.al\/sq\/wp-json\/wp\/v2\/comments?post=30738"}],"version-history":[{"count":1,"href":"https:\/\/desrealestate.al\/sq\/wp-json\/wp\/v2\/posts\/30738\/revisions"}],"predecessor-version":[{"id":47974,"href":"https:\/\/desrealestate.al\/sq\/wp-json\/wp\/v2\/posts\/30738\/revisions\/47974"}],"wp:featuredmedia":[{"embeddable":true,"href":"https:\/\/desrealestate.al\/sq\/wp-json\/wp\/v2\/media\/30749"}],"wp:attachment":[{"href":"https:\/\/desrealestate.al\/sq\/wp-json\/wp\/v2\/media?parent=30738"}],"wp:term":[{"taxonomy":"category","embeddable":true,"href":"https:\/\/desrealestate.al\/sq\/wp-json\/wp\/v2\/categories?post=30738"},{"taxonomy":"post_tag","embeddable":true,"href":"https:\/\/desrealestate.al\/sq\/wp-json\/wp\/v2\/tags?post=30738"}],"curies":[{"name":"wp","href":"https:\/\/api.w.org\/{rel}","templated":true}]}}